{"id":49773,"date":"2026-05-19T07:00:00","date_gmt":"2026-05-19T07:00:00","guid":{"rendered":"https:\/\/www.lucaguido.com\/?p=49773"},"modified":"2026-07-31T14:24:05","modified_gmt":"2026-07-31T14:24:05","slug":"burnout-organisationale-resilienz-und-antifragilitaet-warum-wir-eine-generation-fragiler-fuehrungskraefte-heranziehen","status":"publish","type":"post","link":"https:\/\/www.lucaguido.com\/de\/burnout-organisationale-resilienz-und-antifragilitaet-warum-wir-eine-generation-fragiler-fuehrungskraefte-heranziehen\/","title":{"rendered":"Antifragilit\u00e4t und Burnout"},"content":{"rendered":"\n<p><em>Ausgerechnet wer andere f\u00fchrt, ist am st\u00e4rksten gef\u00e4hrdet. 54 % der mittleren F\u00fchrungskr\u00e4fte zeigen Burnout-Symptome \u2014 mehr als die Einstiegsebene. Es liegt nicht an der Arbeitslast. Es liegt an der Autonomie.<\/em><\/p>\n\n\n\n<p>Es gibt etwas zutiefst Ambivalentes an der Art und Weise, wie viele Organisationen mit dem Wohlbefinden ihrer Mitarbeiter umgehen. Auf der einen Seite organisieren HR-Abteilungen Resilienz-Workshops, Achtsamkeitsseminare und Coaching-Sessions zum Thema Stressmanagement. Auf der anderen Seite entfernen dieselben Systeme systematisch jede Form echter Reibung, jede authentische Verantwortung, jede M\u00f6glichkeit zu scheitern \u2014 und damit zu lernen. Die These dieses Artikels ist einfach und kontraintuitiv: Der wichtigste Treiber von Burnout ist nicht, wie viel man arbeitet, sondern wie wenig man entscheiden darf. Die Daten aus vier L\u00e4ndern zeigen das mit erstaunlicher Konsistenz \u2014 und sie weisen zugleich den Ausweg: nicht die Menschen vor Stress zu sch\u00fctzen, sondern ihnen Autonomie zur\u00fcckzugeben. Das Ergebnis jenes sch\u00fctzenden Modells ist n\u00e4mlich keine robustere Belegschaft: Es ist eine strukturell geschw\u00e4chte Belegschaft, gew\u00f6hnt daran, in k\u00fcnstlich gesch\u00fctzten Umgebungen zu arbeiten, die der chaotischen Realit\u00e4t des Marktes in nichts \u00e4hneln. Und der \u00f6ffentliche Sektor \u2014 in Italien wie im DACH-Raum \u2014 ist der deutlichste Beleg daf\u00fcr.<\/p>\n\n\n\n<p><\/p>\n\n\n\n<h2 id=\"burnout-im-oeffentlichen-sektor-die-zahlen-die-niemand-sehen-will\" class=\"wp-block-heading\"><strong>Burnout im \u00f6ffentlichen Sektor: Die Zahlen, die niemand sehen will<\/strong><\/h2>\n\n\n\n<p>Die italienischen Daten sind eindeutig. Laut der <strong><a href=\"https:\/\/blog.workday.com\/it-it\/how-rising-rates-burnout-risk-impacting-different-industries-2022.html\" target=\"_blank\" rel=\"noreferrer noopener nofollow\">Workday-Studie \u201eAddressing Burnout Risk\u201c<\/a><\/strong> \u2014 durchgef\u00fchrt bei 1,5 Millionen Besch\u00e4ftigten in \u00fcber 600 globalen Unternehmen \u2014 sind 60 % der Besch\u00e4ftigten im \u00f6ffentlichen Dienst burnout-gef\u00e4hrdet, ein Anstieg von 16 % gegen\u00fcber dem Vorjahr: der am st\u00e4rksten betroffene Sektor \u00fcberhaupt. Die <strong><a href=\"https:\/\/www.inail.it\/portale\/it\/inail-comunica\/news\/notizia.2025.11.burnout-una-sindrome-in-crescita-che-puo-interessare-ogni-ambito-lavorativo.html\" target=\"_blank\" rel=\"noreferrer noopener nofollow\">INAIL-Daten aus dem ersten Quartal 2024<\/a><\/strong> best\u00e4tigen den Trend: Die Meldungen von Berufskrankheiten im Zusammenhang mit psychischen und Verhaltensst\u00f6rungen sind gegen\u00fcber demselben Zeitraum des Vorjahres um 17,9 % gestiegen. Laut dem <strong><a href=\"https:\/\/www.censis.it\/il-lavoro-che-stressa-rischio-burn-out-un-dipendente-su-tre\/\" target=\"_blank\" rel=\"noreferrer noopener nofollow\">Censis-Eudaimon-Bericht vom Februar 2025<\/a><\/strong> haben 31,8 % der abh\u00e4ngig Besch\u00e4ftigten Burnout-Erfahrungen gemacht \u2014 ein Wert, der bei den unter 35-J\u00e4hrigen auf 47,7 % steigt.<\/p>\n\n\n\n<p>Das Bild im DACH-Raum ist ebenso besorgniserregend \u2014 und die Daten sind ebenso eindeutig. In Deutschland verzeichnet der <strong><a href=\"https:\/\/www.dak.de\/dak\/unternehmen\/reporte-forschung\/psychreport-2025_91766\" target=\"_blank\" rel=\"noreferrer noopener nofollow\">DAK-Psychreport 2025<\/a><\/strong> \u2014 die ma\u00dfgeblichste Quelle zu diesem Thema, basierend auf 2,42 Millionen versicherten Besch\u00e4ftigten \u2014 im \u00f6ffentlichen Dienst 402 Fehltage aufgrund psychischer Erkrankungen je 100 Besch\u00e4ftigte: der am zweitst\u00e4rksten betroffene Sektor nach dem Gesundheitswesen (476 Tage) und 18 % \u00fcber dem nationalen Durchschnitt. Es geht jedoch nicht nur um Fehlzeiten: <strong><a href=\"https:\/\/www.baua.de\/DE\/Angebote\/Publikationen\/Fakten\/BIBB-BAuA-32.html\" target=\"_blank\" rel=\"noreferrer noopener nofollow\">Die Bundesanstalt f\u00fcr Arbeitsschutz und Arbeitsmedizin (BAuA)<\/a><\/strong> stellt fest, dass 67 % der deutschen Beamten und Angestellten im \u00f6ffentlichen Dienst angeben, gleichzeitig mehrere Arbeitsbelastungen managen zu m\u00fcssen, gegen\u00fcber 58 % in der Industrie und 50 % im Handwerk. F\u00fcr 83 % von ihnen ist das st\u00e4ndige Arbeiten an der Grenze der eigenen Kapazit\u00e4ten eine Quelle chronischen Stresses.<\/p>\n\n\n\n<p>In der Schweiz dokumentiert <strong><a href=\"https:\/\/www.bfs.admin.ch\/asset\/de\/31866457\" target=\"_blank\" rel=\"noreferrer noopener nofollow\">das Bundesamt f\u00fcr Statistik (BFS)<\/a><\/strong>, dass der Anteil gestresster Besch\u00e4ftigter innerhalb von zehn Jahren von 18 % auf 23 % gestiegen ist \u2014 und dass mehr als 53 % der am Arbeitsplatz gestressten Personen bereits Symptome emotionaler Ersch\u00f6pfung mit konkretem Burnout-Risiko zeigen. Der Sozial- und Gesundheitssektor sowie der \u00f6ffentliche Sektor sind am st\u00e4rksten betroffen. Die <strong><a href=\"https:\/\/sotomo.ch\/site\/wp-content\/uploads\/2024\/08\/CSS_Gesundheitsstudie_DE-2024-08-28.pdf\" target=\"_blank\" rel=\"noreferrer noopener nofollow\">CSS Gesundheitsstudie 2024<\/a><\/strong> erg\u00e4nzt: 68 % der Schweizer Bev\u00f6lkerung f\u00fchlt sich h\u00e4ufig ersch\u00f6pft und m\u00fcde, und nur noch 68 % der Befragten geben an, noch nie ein Burnout erlebt zu haben. In <strong><a href=\"https:\/\/psychotherapeuten-wien.at\/2024\/10\/26\/burnout-in-oesterreich-ursachen-statistiken-und-selbsttest\/\" target=\"_blank\" rel=\"noreferrer noopener nofollow\">\u00d6sterreich<\/a><\/strong> sch\u00e4tzt man rund 300.000 j\u00e4hrliche Krankheitstage, die auf Burnout und psychischen Stress zur\u00fcckzuf\u00fchren sind, mit direkten und indirekten Kosten von \u00fcber einer Milliarde Euro pro Jahr.<\/p>\n\n\n\n<p>An dieser Stelle lohnt ein wichtiger methodischer Hinweis: Diese Zahlen sind nicht unmittelbar miteinander vergleichbar. Die Workday-Daten f\u00fcr Italien messen das Burnout-Risiko per Befragung; der DAK-Psychreport misst tats\u00e4chliche Fehltage aufgrund psychiatrischer Diagnosen; das BFS misst die subjektive Stresswahrnehmung. Unterschiedliche Daten, unterschiedliche Methoden. Aber die Richtung ist \u00fcberall dieselbe: Der \u00f6ffentliche Sektor befindet sich in einer strukturellen psychologischen Krise \u2014 und der Trend verschlechtert sich.<\/p>\n\n\n\n<p><\/p>\n\n\n\n<h2 id=\"warum-der-oeffentliche-sektor-am-verwundbarsten-ist\" class=\"wp-block-heading\"><strong>Warum der \u00f6ffentliche Sektor am verwundbarsten ist<\/strong><\/h2>\n\n\n\n<p>Die Antwort liegt nicht im Arbeitsvolumen an sich. Die WHO, in ihrer <strong><a href=\"https:\/\/www.who.int\/news\/item\/28-05-2019-burn-out-an-occupational-phenomenon-international-classification-of-diseases\" target=\"_blank\" rel=\"noreferrer noopener nofollow\">ICD-11-Klassifikation<\/a><\/strong>, die Burnout 2019 als arbeitsbedingtes Ph\u00e4nomen anerkannte, benennt als strukturelle Ursachen die Kombination aus \u00fcberm\u00e4\u00dfiger Belastung, geringer Entscheidungsautonomie, unzureichender F\u00fchrung und fehlendem Anerkennungsgef\u00fchl. Der \u00f6ffentliche Sektor konzentriert all diese Faktoren in sich \u2014 und f\u00fcgt einen spezifischen hinzu: das Gef\u00fchl organisatorischer Ohnmacht.<\/p>\n\n\n\n<p>Wer im \u00f6ffentlichen Dienst arbeitet, bewegt sich h\u00e4ufig in starr hierarchischen Systemen, in denen die wahrgenommene F\u00e4higkeit, Ergebnisse zu beeinflussen, minimal ist. Es wird viel gearbeitet, aber ohne dass der eigene Beitrag in echten Wandel \u00fcbersetzt wird. Diese Abkopplung von Aufwand und Wirkung ist einer der st\u00e4rksten Burnout-Beschleuniger \u2014 mehr noch als die Arbeitsbelastung selbst. Kein Zufall, dass die sogenannten \u201eHelping Professions\u201c \u2014 \u00c4rzte, Pflegepersonal, Lehrerinnen und Lehrer, Sozialarbeiterinnen und Sozialarbeiter \u2014 die Kategorien sind, in denen Burnout am h\u00e4rtesten zuschlagen: Im <strong><a href=\"https:\/\/www.dak.de\/dak\/unternehmen\/reporte-forschung\/psychreport-2025_91766\" target=\"_blank\" rel=\"noreferrer noopener nofollow\">DAK-Psychreport 2025<\/a><\/strong> erreichen Besch\u00e4ftigte in Kindertagesst\u00e4tten 586 Fehltage je 100 Besch\u00e4ftigte aufgrund psychischer Ursachen, in der Altenpflege 573. Nicht weil sie mehr arbeiten, sondern weil sie unter hoher emotionaler Intensit\u00e4t mit sehr geringer Handlungsautonomie arbeiten.<\/p>\n\n\n\n<p><\/p>\n\n\n\n<h2 id=\"die-gegenprobe-wo-burnout-nicht-dominiert-und-warum\" class=\"wp-block-heading\"><strong>Die Gegenprobe: Wo Burnout nicht dominiert \u2014 und warum<\/strong><\/h2>\n\n\n\n<p>Um zu verstehen, was nicht funktioniert, lohnt der Blick dorthin, wo es besser l\u00e4uft. Die internationalen Daten liefern eine aufschlussreiche Gegenprobe.<\/p>\n\n\n\n<p>D\u00e4nemark ist das europ\u00e4ische Land <strong><a href=\"https:\/\/www.assocamerestero.it\/notizie\/cultura-del-lavoro-danese\" target=\"_blank\" rel=\"noreferrer noopener nofollow\">mit dem geringsten Burnout-Risiko<\/a><\/strong>: <strong><a href=\"https:\/\/www.oecd.org\/en\/data\/tools\/well-being-data-monitor\/current-well-being.html\" target=\"_blank\" rel=\"noreferrer noopener nofollow\">OECD-Wert von 9\/10<\/a><\/strong> bei der Work-Life-Balance, k\u00fcrzeste Arbeitswochen Europas, nur 17 % der Besch\u00e4ftigten mit aktiven psychischen Risikosignalen. Der IT-Sektor \u2014 laut Workday weltweit am wenigsten von Burnout betroffen \u2014 ist in D\u00e4nemark strukturell auf Autonomie ausgerichtet: Ergebnisse werden gemessen, nicht Stunden. Laut <strong><a href=\"https:\/\/www.assocamerestero.it\/notizie\/cultura-del-lavoro-danese\" target=\"_blank\" rel=\"noreferrer noopener nofollow\">Assocamerestero<\/a><\/strong> erzielen d\u00e4nische Unternehmen auf der Hofstede\u2019schen Machtdistanzskala \u00e4u\u00dferst niedrige Werte: dezentrale F\u00fchrung, direkte Kommunikation, explizite F\u00f6rderung individueller Eigenverantwortung. Die D\u00e4nen haben sogar ein eigenes Wort daf\u00fcr: Arbejdsglaede \u2014 \u201eArbeitsfreude\u201c \u2014 das kein motivationales Konzept ist, sondern ein tief verwurzeltes Organisationsprinzip.<\/p>\n\n\n\n<p>Deutschland und die Niederlande \u2014 trotz der besorgniserregenden Zahlen im deutschen \u00f6ffentlichen Sektor \u2014 verzeichneten zwischen 2021 und 2022 die deutlichsten R\u00fcckgange im Burnout-Risiko im Privatsektor: <strong><a href=\"https:\/\/blog.workday.com\/it-it\/how-rising-rates-burnout-risk-impacting-different-industries-2022.html\" target=\"_blank\" rel=\"noreferrer noopener nofollow\">jeweils \u221215 % und \u221219 % (Workday)<\/a><\/strong>. Der gemeinsame Nenner in den Sektoren mit den besten Ergebnissen: echte Delegation, verteilte Verantwortung, strukturierte Fehlertoleranz. Am anderen Ende des Spektrums stehen <strong><a href=\"https:\/\/blog.workday.com\/it-it\/how-rising-rates-burnout-risk-impacting-different-industries-2022.html\" target=\"_blank\" rel=\"noreferrer noopener nofollow\">das Vereinigte K\u00f6nigreich \u2014 41 %<\/a><\/strong> der Unternehmen in der Hochrisikokategorie, der h\u00f6chste Anteil unter den analysierten L\u00e4ndern \u2014 und Frankreich, wo 60 % der Besch\u00e4ftigten aktive Risikofaktoren melden. Zwei Organisationssysteme, die von Kontrollkultur, Pr\u00e4sentismus und fehlender echter Delegation gepr\u00e4gt sind. Die Lektion ist unbequem, aber pr\u00e4zise: Burnout ist nicht allein das Ergebnis von zu viel Arbeit. Die Last wiegt \u2014 besonders dort, wo sie sich mit hoher emotionaler Intensit\u00e4t verbindet \u2014, aber sie allein erkl\u00e4rt es nicht. Es ist das Ergebnis von zu viel Arbeit ohne Autonomie, ohne Sinn, ohne die M\u00f6glichkeit echter Wirkung. Wo Menschen Kontrolle \u00fcber ihre eigenen Entscheidungen haben und das Ergebnis ihres eigenen Beitrags sehen, <strong><a href=\"https:\/\/link.springer.com\/article\/10.1186\/1471-2458-14-135\" target=\"_blank\" rel=\"noreferrer noopener nofollow\">geht Burnout zur\u00fcck<\/a><\/strong> \u2014 auch in arbeitsintensiven Umfeldern.<\/p>\n\n\n\n<p><\/p>\n\n\n\n<h2 id=\"organisationale-resilienz-warum-das-nicht-mehr-ausreicht\" class=\"wp-block-heading\"><strong>Organisationale Resilienz: Warum das nicht mehr ausreicht<\/strong><\/h2>\n\n\n\n<p>Die organisatorische Standardantwort auf Burnout ist die St\u00e4rkung von Resilienz: Kurse, Meditations-Apps, Coaching-Sessions zum Stressmanagement. Das Paradox \u2014 dokumentiert vom <strong><a href=\"https:\/\/www.censis.it\/il-lavoro-che-stressa-rischio-burn-out-un-dipendente-su-tre\/\" target=\"_blank\" rel=\"noreferrer noopener nofollow\">Censis-Eudaimon 2025<\/a><\/strong> \u2014 ist, dass nur 12 % der italienischen Unternehmen konkrete Pr\u00e4ventionsstrategien haben, w\u00e4hrend 63 % der Besch\u00e4ftigten bereits Ersch\u00f6pfungssymptome zeigen. Man behandelt die Folgen eines strukturellen Problems. Und laut <strong><a href=\"https:\/\/www.gallup.com\/workplace\/349484\/state-of-the-global-workplace.aspx\" target=\"_blank\" rel=\"noreferrer noopener nofollow\">Gallup (2024)<\/a><\/strong> zeigen 54 % der mittleren F\u00fchrungskr\u00e4fte Ersch\u00f6pfungssymptome, gegen\u00fcber 40 % bei Berufseinsteigern: Diejenigen, die andere f\u00fchren sollen, sind am ersch\u00f6pftesten. <strong><a href=\"https:\/\/www.buecher.de\/shop\/home\/artikeldetails\/A1050290054\" target=\"_blank\" rel=\"noreferrer noopener nofollow\">Nassim Taleb f\u00fchrt in seinem Buch Antifragilit\u00e4t ein Konzept ein<\/a><\/strong>, das den Rahmen ver\u00e4ndert: Es gibt Systeme, die nicht nur Ersch\u00fctterungen \u00fcberstehen, sondern sich durch sie verbessern. Resilienz bringt Sie zur\u00fcck zum Ausgangspunkt. Antifragilit\u00e4t bringt Sie dar\u00fcber hinaus. Muskeln werden durch Beanspruchung st\u00e4rker. Die stabilsten Organisationen sind jene, die echte Krisen mit den richtigen Strukturen durchgestanden haben \u2014 nicht jene, die sie durch k\u00fcnstlich gesch\u00fctzte Umgebungen vermieden haben.<\/p>\n\n\n\n<blockquote class=\"wp-block-quote is-layout-flow wp-block-quote-is-layout-flow\">\n<p class=\"has-text-align-center\"><em>Die Frage ist nicht: Sch\u00fctzen wir das Team vor Stress?<\/em><\/p>\n\n\n\n<p class=\"has-text-align-center\"><em>Sondern: Erm\u00f6glichen wir dem Team, durch Stress zu wachsen?<\/em><\/p>\n<\/blockquote>\n\n\n\n<h2 id=\"wie-prozesse-fuehrungskraefte-entmuendigen\" class=\"wp-block-heading\">Wie Prozesse F\u00fchrungskr\u00e4fte entm\u00fcndigen<\/h2>\n\n\n\n<p>Jede Pflicht zur Eskalation, jeder Genehmigungsworkflow, jede redundante Checkliste \u00fcbertr\u00e4gt ein St\u00fcck kognitiver Autonomie vom Manager auf das System. Die implizite Botschaft \u2014 wir vertrauen Ihnen nicht gen\u00fcgend, um Sie selbst entscheiden zu lassen \u2014 wird \u00fcber die Zeit verinnerlicht. Menschen h\u00f6ren auf, ihr Urteilsverm\u00f6gen einzusetzen, weil das System aufgeh\u00f6rt hat, es einzufordern. Einige Autoren \u2014 so die <strong><a href=\"https:\/\/www.amazon.de\/Coddling-American-Mind-Intentions-Generation\/dp\/0735224897\" target=\"_blank\" rel=\"noreferrer noopener nofollow\">These von Lukianoff und Haidt in The Coddling of the American Mind<\/a> <\/strong>\u2014 sehen darin ein umfassenderes Ph\u00e4nomen, das lange vor dem Unternehmen beginnt: Indem wir die Reibung des Scheiterns schon in der Ausbildung entfernen, lieferten wir dem Arbeitsmarkt Erwachsene ohne die n\u00f6tige \u201epsychische Hornhaut&#8220;, um mit negativem Feedback oder einer echten Krise umzugehen. Das ist eine faszinierende und umstrittene kulturelle Deutung, \u00fcber die kein einheitlicher Konsens besteht \u2014 ich f\u00fchre sie als Hypothese an, nicht als Faktum. Und der Unternehmenskontext verst\u00e4rkt deren Wirkung noch: Es ist genau der Mechanismus, den die <strong><a href=\"https:\/\/www.baua.de\/DE\/Angebote\/Publikationen\/Fakten\/BIBB-BAuA-32.html\" target=\"_blank\" rel=\"noreferrer noopener nofollow\">BAuA<\/a><\/strong> als prim\u00e4re Ursache f\u00fcr das Unbehagen bei deutschen Beamten identifiziert \u2014 nicht die \u00dcberlastung an sich, sondern die Kombination aus \u00dcberlastung und mangelnder Kontrolle \u00fcber die eigene Arbeit.<\/p>\n\n\n\n<p><strong><a href=\"https:\/\/www.amazon.com\/Coddling-American-Mind-Intentions-Generation\/dp\/0735224897\" target=\"_blank\" rel=\"noreferrer noopener nofollow\">Emotionale \u201eSafe Spaces\u201c<\/a><\/strong> in Organisationen erzeugen denselben Effekt: Umgebungen, in denen Meinungsverschiedenheiten im Unklaren versickern, in denen kritisches Feedback so abgefedert wird, dass es nutzlos wird. Mitarbeitende, die nie die Unbehaglichtkeit erlebt haben, eine schwierige Position zu vertreten oder \u00f6ffentlich Fehler zu machen, werden genau dann unvorbereitet sein, wenn es am meisten z\u00e4hlt. Die Kosten sind nicht nur individuell. Organisationen, die nur die sichtbaren Kosten von Fehlern messen \u2014 verlorene Stunden, Nacharbeit, Fluktuation \u2014 messen niemals die unsichtbaren Kosten \u00fcbertriebener Pr\u00e4vention: verz\u00f6gerte Entscheidungen, verpasste Chancen, F\u00fchrungskr\u00e4fte, die auf Genehmigungen warten f\u00fcr Dinge, von denen sie bereits wissen, dass sie richtig sind.<\/p>\n\n\n\n<p><\/p>\n\n\n\n<h2 id=\"business-coaching-das-nichts-bringt-und-das-das-wirklich-veraendert\" class=\"wp-block-heading\">Business Coaching, das nichts bringt \u2014 und das, das wirklich ver\u00e4ndert<\/h2>\n\n\n\n<p>Es gibt eine Art Unternehmens-Coaching f\u00fcr F\u00fchrungskr\u00e4fte, das im Wesentlichen nutzlos ist: dasjenige, das darauf ausgelegt ist, Menschen ein Gef\u00fchl der Sicherheit zu vermitteln, ihre Wahrnehmungen zu validieren, ihnen zu helfen, unkomfortable Emotionen zu \u201emanagen\u201c, ohne deren tiefere Ursachen anzugehen. Es erzeugt Abh\u00e4ngigkeit, nicht Autonomie. Es f\u00fcllt die Kalender, l\u00e4sst die Menschen aber genau dort, wo es sie vorgefunden hat.<\/p>\n\n\n\n<p>Ein ernsthafter Prozess funktioniert entgegengesetzt. Er beseitigt nicht die Reibung: Er kalibriert sie. Er setzt die F\u00fchrungskraft progressiven, kontrollierten Stressoren aus \u2014 genau wie das nordische Modell Arbeitnehmern echte Verantwortung in sicheren Umgebungen \u00fcbertr\u00e4gt, wie <strong><a href=\"https:\/\/www.oecdbetterlifeindex.org\/topics\/work-life-balance\/\" target=\"_blank\" rel=\"noreferrer noopener nofollow\">vom OECD Better Life Index<\/a><\/strong> und von <strong><a href=\"https:\/\/www.assocamerestero.it\/notizie\/cultura-del-lavoro-danese\" target=\"_blank\" rel=\"noreferrer noopener nofollow\">Assocamerestero zur d\u00e4nischen Arbeitskultur<\/a><\/strong> dokumentiert. Das Ziel ist keine gelassenere F\u00fchrungskraft. Ziel ist eine unter Druck klarere, entscheidungsf\u00e4hige F\u00fchrungskraft \u2014 auch wenn die Informationslage unvollst\u00e4ndig, die Zeit knapp und der Einsatz hoch ist. Das bedeutet unbequeme Gespr\u00e4che. Fragen, die der Coachee lieber nicht gestellt bekommen w\u00fcrde. Situationen, in denen er oder sie nicht alle Antworten hat \u2014 und lernen muss, auch dort effektiv zu handeln. Echte Entscheidungsautonomie entsteht nur durch gezielte Konfrontation mit dem Unbehagen, nicht durch systematischen Schutz davor.<\/p>\n\n\n\n<p><\/p>\n\n\n\n<h2 id=\"antifragile-organisationen-aufbauen-was-der-oeffentliche-vom-privatsektor-lernen-kann\" class=\"wp-block-heading\"><strong>Antifragile Organisationen aufbauen: Was der \u00f6ffentliche vom Privatsektor lernen kann<\/strong><\/h2>\n\n\n\n<p>D\u00e4nische und deutsche Organisationen, die im Privatsektor am besten standhalten, zeichnen sich durch pr\u00e4zise strukturelle Entscheidungen aus: Entscheidungsmacht delegiert zu jenen, die dem Problem am n\u00e4chsten sind; Fehler werden analysiert statt versteckt; Kontexte, in denen auf die richtige Weise das Scheitern mehr wert ist als nie zu scheitern. Das ist kein unwiederholbares kulturelles Modell \u2014 es ist eine Reihe bewusster Organisationsentscheidungen. Best\u00e4tigt wird dies durch den R\u00fcckgang des Burnout-Risikos im deutschen (\u221215 %) und niederl\u00e4ndischen Privatsektor (\u221219 %), wie von <strong><a href=\"https:\/\/blog.workday.com\/it-it\/how-rising-rates-burnout-risk-impacting-different-industries-2022.html\" target=\"_blank\" rel=\"noreferrer noopener nofollow\">Workday f\u00fcr 2021\u20132022 <\/a><\/strong>festgehalten \u2014 genau in den Jahren, in denen andere L\u00e4nder sich verschlechterten.<\/p>\n\n\n\n<p>Das bedeutet nicht, Sicherheitsnetze zu entfernen. Es bedeutet, sie richtig zu platzieren: tief genug, um Sturz-Erfahrungen zuzulassen, aus denen man lernt; hoch genug, um Sturz-Erfahrungen zu vermeiden, die zerst\u00f6ren. Die Grenze ist schmal und verlangt st\u00e4ndige Kalibrierung \u2014 aber genau hier liegt der Unterschied zwischen einer Organisation, die Ver\u00e4nderungen \u00fcbersteht, und einer, die sie antizipiert. Die F\u00fchrungskr\u00e4fte, die die Organisationen des n\u00e4chsten Jahrzehnts aufbauen werden, werden nicht jene sein, die ihre Teams am besten gesch\u00fctzt haben. Es werden jene sein, die den Mut hatten, sie dem richtigen Ma\u00df an Schwierigkeit auszusetzen \u2014 mit der richtigen Unterst\u00fctzung, zum richtigen Zeitpunkt. Keine H\u00fcter des Komforts, sondern Architekten des Wachstums. Resilienz ist die F\u00e4higkeit, nach einem Schlag aufrecht zu bleiben. Antifragilit\u00e4t ist die F\u00e4higkeit, gest\u00e4rkt daraus hervorzugehen. <\/p>\n\n\n\n<p><\/p>\n\n\n\n<h2 id=\"quellen-und-literatur\" class=\"wp-block-heading\"><strong>Quellen und Literatur<\/strong><\/h2>\n\n\n\n<p>Assocamerestero (2023). \u201cLa cultura del lavoro danese\u201d \u2014 <strong><a href=\"https:\/\/www.assocamerestero.it\/notizie\/cultura-del-lavoro-danese\" target=\"_blank\" rel=\"noreferrer noopener nofollow\">https:\/\/www.assocamerestero.it\/notizie\/cultura-del-lavoro-danese<\/a><\/strong><\/p>\n\n\n\n<p><br>BAuA \/ BIBB (2018). \u201c\u00d6ffentlicher Dienst: hohe Arbeitsintensit\u00e4t, starke Belastung\u201d \u2014 <strong><a href=\"https:\/\/www.baua.de\/DE\/Angebote\/Publikationen\/Fakten\/BIBB-BAuA-32.html\" target=\"_blank\" rel=\"noreferrer noopener nofollow\">https:\/\/www.baua.de\/DE\/Angebote\/Publikationen\/Fakten\/BIBB-BAuA-32.html<\/a><\/strong><\/p>\n\n\n\n<p><br>Bundesamt f\u00fcr Statistik (BFS, Svizzera) (2024). \u201cArbeit und Gesundheit 2012\u20132022\u201d \u2014 <strong><a href=\"https:\/\/www.bfs.admin.ch\/asset\/de\/31866457\" target=\"_blank\" rel=\"noreferrer noopener nofollow\">https:\/\/www.bfs.admin.ch\/asset\/de\/31866457<\/a><\/strong><\/p>\n\n\n\n<p><br>Censis-Eudaimon (2025). \u201c8\u00b0 Rapporto sul welfare aziendale\u201d \u2014 <strong><a href=\"https:\/\/www.censis.it\/lavoro\/il-lavoro-che-stressa-rischio-burn-out-un-dipendente-su-tre\" target=\"_blank\" rel=\"noreferrer noopener nofollow\">https:\/\/www.censis.it\/lavoro\/il-lavoro-che-stressa-rischio-burn-out-un-dipendente-su-tre<\/a><\/strong><\/p>\n\n\n\n<p><br>CSS \/ Sotomo (2024). \u201cGesundheitsstudie 2024\u201d \u2014<strong><a href=\"https:\/\/sotomo.ch\/site\/wp-content\/uploads\/2024\/08\/CSS_Gesundheitsstudie_DE-2024-08-28.pdf\" target=\"_blank\" rel=\"noreferrer noopener nofollow\"> https:\/\/sotomo.ch\/site\/wp-content\/uploads\/2024\/08\/CSS_Gesundheitsstudie_DE-2024-08-28.pdf<\/a><\/strong><\/p>\n\n\n\n<p><br>DAK-Gesundheit (2025). \u201cPsychreport 2025\u201d \u2014 <strong><a href=\"https:\/\/www.dak.de\/dak\/unternehmen\/reporte-forschung\/psychreport-2025_91766\" target=\"_blank\" rel=\"noreferrer noopener nofollow\">https:\/\/www.dak.de\/dak\/unternehmen\/reporte-forschung\/psychreport-2025_91766<\/a><\/strong><\/p>\n\n\n\n<p><br>Gallup (2024). \u201cState of the Global Workplace\u201d \u2014 <strong><a href=\"https:\/\/www.gallup.com\/workplace\/349484\/state-of-the-global-workplace.aspx\" target=\"_blank\" rel=\"noreferrer noopener nofollow\">https:\/\/www.gallup.com\/workplace\/349484\/state-of-the-global-workplace.aspx<\/a><\/strong><\/p>\n\n\n\n<p><br>INAIL (2025). \u201cBurnout: una sindrome in crescita\u201d \u2014 <strong><a href=\"https:\/\/www.inail.it\/portale\/it\/inail-comunica\/news\/notizia.2025.11.burnout-una-sindrome-in-crescita-che-puo-interessare-ogni-ambito-lavorativo.html\" target=\"_blank\" rel=\"noreferrer noopener nofollow\">https:\/\/www.inail.it\/portale\/it\/inail-comunica\/news\/notizia.2025.11.burnout-una-sindrome-in-crescita-che-puo-interessare-ogni-ambito-lavorativo.html<\/a><\/strong><\/p>\n\n\n\n<p><\/p>\n\n\n\n<p><strong><a href=\"https:\/\/www.amazon.de\/Coddling-American-Mind-Intentions-Generation\/dp\/0735224897\" target=\"_blank\" rel=\"noreferrer noopener nofollow\">Lukianoff-Haidt (2018), The Coddling of the American Mind: How Good Intentions and Bad Ideas Are Setting Up a Generation for Failure<\/a><\/strong><\/p>\n\n\n\n<p><br>OCSE (2024). \u201cBetter Life Index \u2014 Work-Life Balance\u201d \u2014 <strong><a href=\"https:\/\/www.oecdbetterlifeindex.org\/topics\/work-life-balance\/\" target=\"_blank\" rel=\"noreferrer noopener nofollow\">https:\/\/www.oecdbetterlifeindex.org\/topics\/work-life-balance\/<\/a><\/strong><\/p>\n\n\n\n<p><br>OMS (2019). \u201cICD-11: Burn-out an occupational phenomenon\u201d \u2014 <strong><a href=\"https:\/\/www.who.int\/news\/item\/28-05-2019-burn-out-an-occupational-phenomenon-international-classification-of-diseases\" target=\"_blank\" rel=\"noreferrer noopener nofollow\">https:\/\/www.who.int\/news\/item\/28-05-2019-burn-out-an-occupational-phenomenon-international-classification-of-diseases<\/a><\/strong><\/p>\n\n\n\n<p><br>Psychotherapeuten-Wien (2024). \u201cBurnout in \u00d6sterreich: Ursachen, Statistiken\u201d \u2014 <strong><a href=\"https:\/\/psychotherapeuten-wien.at\/2024\/10\/26\/burnout-in-oesterreich-ursachen-statistiken-und-selbsttest\/\" target=\"_blank\" rel=\"noreferrer noopener nofollow\">https:\/\/psychotherapeuten-wien.at\/2024\/10\/26\/burnout-in-oesterreich-ursachen-statistiken-und-selbsttest\/<\/a><\/strong><\/p>\n\n\n\n<p><br>Taleb, Nassim Nicholas (2013). \u201cAntifragilit\u00e4t: Anleitung f\u00fcr eine Welt, die wir nicht verstehen\u201d \u2014 <a href=\"https:\/\/www.buecher.de\/shop\/home\/artikeldetails\/A1050290054\" target=\"_blank\" rel=\"noreferrer noopener nofollow\"><strong>https:\/\/www.buecher.de\/shop\/home\/artikeldetails\/A1050290054<\/strong><\/a><\/p>\n\n\n\n<p><br>Workday (2022). \u201cAddressing Burnout Risk in 2022\u201d \u2014 <strong><a href=\"https:\/\/blog.workday.com\/it-it\/how-rising-rates-burnout-risk-impacting-different-industries-2022.html\" target=\"_blank\" rel=\"noreferrer noopener nofollow\">https:\/\/blog.workday.com\/it-it\/how-rising-rates-burnout-risk-impacting-different-industries-2022.html<\/a><\/strong><\/p>\n\n\n\n<p><\/p>\n\n\n\n<p><\/p>\n\n\n\n<p><\/p>\n","protected":false},"excerpt":{"rendered":"<p>60 % der Besch\u00e4ftigten im \u00f6ffentlichen Dienst sind burnout-gef\u00e4hrdet. Das Problem ist nicht das Arbeitsvolumen \u2014 es ist fehlende Autonomie. Erfahren Sie, warum Resilienz nicht mehr ausreicht und was das d\u00e4nische Modell \u00fcber antifragile Organisationen lehrt.<\/p>\n","protected":false},"author":2,"featured_media":49771,"comment_status":"closed","ping_status":"open","sticky":false,"template":"","format":"standard","meta":{"footnotes":""},"categories":[107],"tags":[110,105,109,115,116,111],"class_list":["post-49773","post","type-post","status-publish","format-standard","has-post-thumbnail","hentry","category-burnout-leistung","tag-antifragilita-leadership","tag-antifragilitaet","tag-burnout-organizzativo","tag-burnoutpraevenzion","tag-organisationale-resilienz","tag-resilienza-aziendale"],"_links":{"self":[{"href":"https:\/\/www.lucaguido.com\/de\/wp-json\/wp\/v2\/posts\/49773","targetHints":{"allow":["GET"]}}],"collection":[{"href":"https:\/\/www.lucaguido.com\/de\/wp-json\/wp\/v2\/posts"}],"about":[{"href":"https:\/\/www.lucaguido.com\/de\/wp-json\/wp\/v2\/types\/post"}],"author":[{"embeddable":true,"href":"https:\/\/www.lucaguido.com\/de\/wp-json\/wp\/v2\/users\/2"}],"replies":[{"embeddable":true,"href":"https:\/\/www.lucaguido.com\/de\/wp-json\/wp\/v2\/comments?post=49773"}],"version-history":[{"count":28,"href":"https:\/\/www.lucaguido.com\/de\/wp-json\/wp\/v2\/posts\/49773\/revisions"}],"predecessor-version":[{"id":50721,"href":"https:\/\/www.lucaguido.com\/de\/wp-json\/wp\/v2\/posts\/49773\/revisions\/50721"}],"wp:featuredmedia":[{"embeddable":true,"href":"https:\/\/www.lucaguido.com\/de\/wp-json\/wp\/v2\/media\/49771"}],"wp:attachment":[{"href":"https:\/\/www.lucaguido.com\/de\/wp-json\/wp\/v2\/media?parent=49773"}],"wp:term":[{"taxonomy":"category","embeddable":true,"href":"https:\/\/www.lucaguido.com\/de\/wp-json\/wp\/v2\/categories?post=49773"},{"taxonomy":"post_tag","embeddable":true,"href":"https:\/\/www.lucaguido.com\/de\/wp-json\/wp\/v2\/tags?post=49773"}],"curies":[{"name":"wp","href":"https:\/\/api.w.org\/{rel}","templated":true}]}}